{"id":546,"date":"2024-04-16T22:17:42","date_gmt":"2024-04-16T22:17:42","guid":{"rendered":"https:\/\/www.wamiliki.org\/?p=546"},"modified":"2025-05-20T20:27:29","modified_gmt":"2025-05-20T20:27:29","slug":"kinshasa-september-2023","status":"publish","type":"post","link":"https:\/\/www.wamiliki.org\/fr\/2024\/04\/16\/kinshasa-september-2023\/","title":{"rendered":"Kinshasa Septembre 2023"},"content":{"rendered":"<div data-elementor-type=\"wp-post\" data-elementor-id=\"546\" class=\"elementor elementor-546\" data-elementor-post-type=\"post\">\n\t\t\t\t\t\t\t\t\t<section class=\"elementor-section elementor-top-section elementor-element elementor-element-63608bec elementor-section-boxed elementor-section-height-default elementor-section-height-default\" data-id=\"63608bec\" data-element_type=\"section\">\n\t\t\t\t\t\t<div class=\"elementor-container elementor-column-gap-default\">\n\t\t\t\t\t<div class=\"elementor-column elementor-col-100 elementor-top-column elementor-element elementor-element-11674299\" data-id=\"11674299\" data-element_type=\"column\">\n\t\t\t<div class=\"elementor-widget-wrap elementor-element-populated\">\n\t\t\t\t\t\t\t\t<div class=\"elementor-element elementor-element-2e76a07e elementor-widget elementor-widget-text-editor\" data-id=\"2e76a07e\" data-element_type=\"widget\" data-widget_type=\"text-editor.default\">\n\t\t\t\t<div class=\"elementor-widget-container\">\n\t\t\t<style>\/*! elementor - v3.15.0 - 09-08-2023 *\/\n.elementor-widget-text-editor.elementor-drop-cap-view-stacked .elementor-drop-cap{background-color:#69727d;color:#fff}.elementor-widget-text-editor.elementor-drop-cap-view-framed .elementor-drop-cap{color:#69727d;border:3px solid;background-color:transparent}.elementor-widget-text-editor:not(.elementor-drop-cap-view-default) .elementor-drop-cap{margin-top:8px}.elementor-widget-text-editor:not(.elementor-drop-cap-view-default) .elementor-drop-cap-letter{width:1em;height:1em}.elementor-widget-text-editor .elementor-drop-cap{float:left;text-align:center;line-height:1;font-size:50px}.elementor-widget-text-editor .elementor-drop-cap-letter{display:inline-block}<\/style>\t\t\t\t<!-- wp:paragraph -->\n<p>En septembre, nous nous sommes rendus \u00e0 Kinshasa avec un groupe de N\u00e9erlandais de la diaspora congolaise pour rencontrer des Congolais de Kinshasa et de Lubumbashi. Nous avons suivi un programme de mise en relation commun avec eux et avons eu des discussions avec l'ambassade, une grande entreprise de Kinshasa et la Chambre de Commerce du Congo.<\/p>\n<!-- \/wp:paragraph --><!-- wp:paragraph -->\n<p><strong>Premier voyage de Wamiliki en Afrique : Kinshasa<\/strong><br \/><strong>Rencontres sur l'\u00e9galit\u00e9 et la d\u00e9colonisation:<\/strong> <strong><em>:\u00a0Revaloriser la responsabilit\u00e9 personnelle \u00e0 travers le partage des valeurs.<\/em><\/strong><\/p>\n<!-- \/wp:paragraph --><!-- wp:paragraph -->\n<p>Jour 1, INRB<br \/>De dag werd besteed aan het tot stand brengen en herstellen van broederlijke en warme verbindingen, vrij van alle vergelijkingen en jaloezie.<br \/>\u00c0 l\u2019ancienne et par un dialogue honn\u00eate et encourag\u00e9. La seule sup\u00e9riorit\u00e9 que nous reconnaissons est la pr\u00e9sence par rapport \u00e0 l\u2019absence !<br \/>Nous nous sommes align\u00e9s et \u00e9tions pr\u00eats \u00e0 partager nos valeurs. Sans jugement.<\/p>\n<!-- \/wp:paragraph --><!-- wp:paragraph -->\n<p><img loading=\"lazy\" decoding=\"async\" width=\"600\" height=\"400\" class=\"wp-image-548\" style=\"width: 600px;\" src=\"https:\/\/www.wamiliki.org\/wp-content\/uploads\/2024\/04\/IMG_0376-scaled.jpg\" alt=\"\" srcset=\"https:\/\/www.wamiliki.org\/wp-content\/uploads\/2024\/04\/IMG_0376-scaled.jpg 2560w, https:\/\/www.wamiliki.org\/wp-content\/uploads\/2024\/04\/IMG_0376-300x200.jpg 300w, https:\/\/www.wamiliki.org\/wp-content\/uploads\/2024\/04\/IMG_0376-1024x683.jpg 1024w, https:\/\/www.wamiliki.org\/wp-content\/uploads\/2024\/04\/IMG_0376-768x512.jpg 768w, https:\/\/www.wamiliki.org\/wp-content\/uploads\/2024\/04\/IMG_0376-1536x1024.jpg 1536w, https:\/\/www.wamiliki.org\/wp-content\/uploads\/2024\/04\/IMG_0376-2048x1365.jpg 2048w\" sizes=\"auto, (max-width: 600px) 100vw, 600px\" \/><br \/>Notre programme s'appuie sur les objectifs de la Fondation Wamiliki, qui \u00abfavorisent la stimulation de la responsabilit\u00e9 personnelle au service de la\nrelation avec l'autre, le prochain ; en l\u2019occurrence, la relation entre Africains et Europ\u00e9ens.<br \/><br \/>Pendant trois jours, des jeunes, souvent des entrepreneurs, venus de diff\u00e9rentes r\u00e9gions du Congo (Lubumbashi et Kinshasa) et les enfants de\nla diaspora congolaise aux Pays-Bas se sont retrouv\u00e9s. Ils ont appris \u00e0 se conna\u00eetre et \u00e0 s'appr\u00e9cier pour, esp\u00e9rons-le, forger des relations durables et efficaces car ils sont \u00e9gaux.<br \/>La Fondation Wamiliki (h\u00e9ritiers et\/ou propri\u00e9taires) esp\u00e8re sinc\u00e8rement qu'une petite \u00e9tincelle d'espoir sera plant\u00e9e dans le c\u0153ur et l'esprit de ces jeunes, afin qu'ils prennent leur destin en main et peut-\u00eatre surtout, retrouvent leur destin. Nous croyons fermement que c\u2019est l\u00e0 la cl\u00e9 de l\u2019essor de l\u2019Afrique et de l\u2019Europe : laisser les Africains prendre leur destin en main. Wamiliki!<br \/>\u00ab Nous avons tous quelque chose \u00e0 offrir ! \u00bb, tel est le message que porte Wamiliki !<\/p>\n<!-- \/wp:paragraph --><!-- wp:paragraph -->\n<p class=\" translation-block\">Jour 2, INRB<br>\nCette nouvelle journ\u00e9e \u00e9tait d\u00e9di\u00e9e au partage des valeurs. Tout le monde a quelque chose \u00e0 offrir. Il suffit de savoir quoi et de le\nr\u00e9aliser avant de le pr\u00e9senter aux autres. Alors qu\u2019avons-nous \u00e0 offrir ? De quoi avons-nous besoin pour r\u00e9aliser ce que nous avons \u00e0 offrir ?\nComment y parvenir sans devenir d\u00e9pendant et perdre ainsi ce qu\u2019il y a de plus pr\u00e9cieux, notre fiert\u00e9 ?<\/p>\n<!-- \/wp:paragraph --><!-- wp:paragraph -->\n<p class=\" translation-block\">Jour 3 et fin du travail<br>\nCette fois, l'ambassade des Pays-Bas au Congo \u00e9tait notre h\u00f4te.<br>Avec la modestie des hommes et des femmes honn\u00eates qui comptent l'Afrique et le Congo, d\u00e9bordants de fiert\u00e9 de pouvoir toujours offrir quelque\nchose, assur\u00e9s que nos anc\u00eatres nous portent et nous soutiennent, nous avons entam\u00e9 des discussions avec un repr\u00e9sentant de l'Europe pour poser la premi\u00e8re pierre du d\u00e9colonisation de nos relations entre l\u2019Afrique\net l\u2019Europe.<\/p>\n<!-- \/wp:paragraph --><!-- wp:image {\"id\":547,\"sizeSlug\":\"large\",\"linkDestination\":\"none\"} -->\n<figure class=\"wp-block-image size-large\"><img loading=\"lazy\" decoding=\"async\" width=\"1024\" height=\"683\" class=\"wp-image-547\" src=\"https:\/\/www.wamiliki.org\/wp-content\/uploads\/2024\/04\/g-1024x683.jpg\" alt=\"\" srcset=\"https:\/\/www.wamiliki.org\/wp-content\/uploads\/2024\/04\/g-1024x683.jpg 1024w, https:\/\/www.wamiliki.org\/wp-content\/uploads\/2024\/04\/g-300x200.jpg 300w, https:\/\/www.wamiliki.org\/wp-content\/uploads\/2024\/04\/g-768x512.jpg 768w, https:\/\/www.wamiliki.org\/wp-content\/uploads\/2024\/04\/g-1536x1024.jpg 1536w, https:\/\/www.wamiliki.org\/wp-content\/uploads\/2024\/04\/g-2048x1365.jpg 2048w\" sizes=\"auto, (max-width: 1024px) 100vw, 1024px\" \/><\/figure>\n<!-- \/wp:image --><!-- wp:paragraph -->\n<p>\u00a0<\/p>\n<!-- \/wp:paragraph --><!-- wp:paragraph -->\n<p>.<\/p>\n<!-- \/wp:paragraph -->\t\t\t\t\t\t<\/div>\n\t\t\t\t<\/div>\n\t\t\t\t\t<\/div>\n\t\t<\/div>\n\t\t\t\t\t\t\t<\/div>\n\t\t<\/section>\n\t\t\t\t\t\t\t<\/div>","protected":false},"excerpt":{"rendered":"<p>En septembre, nous nous sommes rendus \u00e0 Kinshasa avec un groupe de N\u00e9erlandais de la diaspora congolaise pour rencontrer des Congolais de Kinshasa et de Lubumbashi. Nous avons suivi un programme de mise en relation commun avec eux et avons eu des discussions avec l'ambassade, une grande entreprise de Kinshasa et la Chambre de Commerce du Congo.<\/p>","protected":false},"author":2,"featured_media":548,"comment_status":"open","ping_status":"open","sticky":true,"template":"","format":"standard","meta":{"footnotes":""},"categories":[1],"tags":[],"class_list":["post-546","post","type-post","status-publish","format-standard","has-post-thumbnail","hentry","category-uncategorized"],"acf":[],"_links":{"self":[{"href":"https:\/\/www.wamiliki.org\/fr\/wp-json\/wp\/v2\/posts\/546","targetHints":{"allow":["GET"]}}],"collection":[{"href":"https:\/\/www.wamiliki.org\/fr\/wp-json\/wp\/v2\/posts"}],"about":[{"href":"https:\/\/www.wamiliki.org\/fr\/wp-json\/wp\/v2\/types\/post"}],"author":[{"embeddable":true,"href":"https:\/\/www.wamiliki.org\/fr\/wp-json\/wp\/v2\/users\/2"}],"replies":[{"embeddable":true,"href":"https:\/\/www.wamiliki.org\/fr\/wp-json\/wp\/v2\/comments?post=546"}],"version-history":[{"count":5,"href":"https:\/\/www.wamiliki.org\/fr\/wp-json\/wp\/v2\/posts\/546\/revisions"}],"predecessor-version":[{"id":712,"href":"https:\/\/www.wamiliki.org\/fr\/wp-json\/wp\/v2\/posts\/546\/revisions\/712"}],"wp:featuredmedia":[{"embeddable":true,"href":"https:\/\/www.wamiliki.org\/fr\/wp-json\/wp\/v2\/media\/548"}],"wp:attachment":[{"href":"https:\/\/www.wamiliki.org\/fr\/wp-json\/wp\/v2\/media?parent=546"}],"wp:term":[{"taxonomy":"category","embeddable":true,"href":"https:\/\/www.wamiliki.org\/fr\/wp-json\/wp\/v2\/categories?post=546"},{"taxonomy":"post_tag","embeddable":true,"href":"https:\/\/www.wamiliki.org\/fr\/wp-json\/wp\/v2\/tags?post=546"}],"curies":[{"name":"wp","href":"https:\/\/api.w.org\/{rel}","templated":true}]}}